{"id":541,"date":"2010-04-18T17:39:53","date_gmt":"2010-04-18T15:39:53","guid":{"rendered":"https:\/\/www.eisenzelt.de\/ez\/wordpress\/?p=541"},"modified":"2022-07-23T09:39:50","modified_gmt":"2022-07-23T07:39:50","slug":"auspuff-20","status":"publish","type":"post","link":"https:\/\/www.eisenzelt.de\/ez\/wordpress\/?p=541","title":{"rendered":"Auspuff 2.0"},"content":{"rendered":"<p>Was mich schon immer ge\u00e4rgert hatte war die Position des Schalld\u00e4mpfers unter dem Rahmen. Beim D\u00fcnenfahren kam es immer wieder vor, dass der Topf auf dem D\u00fcnenkamm aufsetzte und die Kr\u00fcmmerrohre heraussprangen. Dann musste ich am n\u00e4chsten Morgen, w\u00e4hrend der Rest der Truppe entspannt am Fr\u00fchst\u00fcckstisch sa\u00df, die Rohre wieder montieren. Das sollte anders werden.<!--more--><\/p>\n<p>Nach reiflichem \u00dcberlegen wurde der Schalld\u00e4mpfer durch zwei einzelne, wesentlich flachere, ersetzt und diese hinter dem F\u00fchrerhaus auf dem Rahmen platziert.<\/p>\n<p>Die Schalld\u00e4mpfer sind aus dem Standardprogramm von Dinex, auch die Rohre, Winkel, etc. sind dort zu bekommen. Die Konsole f\u00fcr die Schalld\u00e4mpfer besteht aus drei Querstreben, wobei nur die beiden vorderen mit dem Rahmen verschraubt sind. Die hintere Strebe ist auf Silentgummis auf dem Rahmen gelagert. Die L\u00e4ngsstreben sind mit den Querstreben nur verschraubt, so ist maximale Beweglichkeit auch bei extremer Verschr\u00e4nkung gegeben. Die T\u00f6pfe selbst sind noch einmal auf sechs Silentgummis gelagert. Hier die Seitenansicht. Die Konstruktion der Abgasleitung von der Motorbremsklappe aus nach hinten. Die Edelstahlflexschl\u00e4uche haben sich schon an Felix 170D11 bew\u00e4hrt und sind gegen\u00fcber Standardflexschl\u00e4uchen auch dicht. Die Abgasrohre wurden nach oben gelegt. Keine Frage des Aussehens sondern ganz einfach: ich sitze beim Reifenf\u00fcllen und anderen Wartungsarbeiten nicht mehr im Abgas &#8211; sehr angenehm.<\/p>\n\n\n<figure class=\"wp-block-gallery has-nested-images columns-default is-cropped wp-block-gallery-1 is-layout-flex wp-block-gallery-is-layout-flex\">\n<figure class=\"wp-block-image\"><img loading=\"lazy\" decoding=\"async\" width=\"1024\" height=\"768\" data-id=\"2665\" src=\"https:\/\/www.eisenzelt.de\/ez\/wordpress\/wp-content\/uploads\/2018\/10\/P4160092-1024x768.jpg\" alt=\"\" class=\"wp-image-2665\" srcset=\"https:\/\/www.eisenzelt.de\/ez\/wordpress\/wp-content\/uploads\/2018\/10\/P4160092-1024x768.jpg 1024w, https:\/\/www.eisenzelt.de\/ez\/wordpress\/wp-content\/uploads\/2018\/10\/P4160092.jpg 1941w\" sizes=\"auto, (max-width: 1024px) 100vw, 1024px\" \/><figcaption>Der alte Auspufftopf unter dem Rahmen<\/figcaption><\/figure>\n\n\n\n<figure class=\"wp-block-image\"><img loading=\"lazy\" decoding=\"async\" width=\"1024\" height=\"768\" data-id=\"2668\" src=\"https:\/\/www.eisenzelt.de\/ez\/wordpress\/wp-content\/uploads\/2018\/10\/P4160090-1024x768.jpg\" alt=\"\" class=\"wp-image-2668\" srcset=\"https:\/\/www.eisenzelt.de\/ez\/wordpress\/wp-content\/uploads\/2018\/10\/P4160090-1024x768.jpg 1024w, https:\/\/www.eisenzelt.de\/ez\/wordpress\/wp-content\/uploads\/2018\/10\/P4160090.jpg 1732w\" sizes=\"auto, (max-width: 1024px) 100vw, 1024px\" \/><figcaption>Die Halterung f\u00fcr die neuen T\u00f6pfe<\/figcaption><\/figure>\n\n\n\n<figure class=\"wp-block-image\"><img loading=\"lazy\" decoding=\"async\" width=\"1024\" height=\"768\" data-id=\"2671\" src=\"https:\/\/www.eisenzelt.de\/ez\/wordpress\/wp-content\/uploads\/2018\/10\/P4160093-1024x768.jpg\" alt=\"\" class=\"wp-image-2671\" srcset=\"https:\/\/www.eisenzelt.de\/ez\/wordpress\/wp-content\/uploads\/2018\/10\/P4160093-1024x768.jpg 1024w, https:\/\/www.eisenzelt.de\/ez\/wordpress\/wp-content\/uploads\/2018\/10\/P4160093.jpg 1957w\" sizes=\"auto, (max-width: 1024px) 100vw, 1024px\" \/><figcaption>Auf dem Rahmen<\/figcaption><\/figure>\n\n\n\n<figure class=\"wp-block-image\"><img loading=\"lazy\" decoding=\"async\" width=\"1024\" height=\"768\" data-id=\"2666\" src=\"https:\/\/www.eisenzelt.de\/ez\/wordpress\/wp-content\/uploads\/2018\/10\/P4160094-1024x768.jpg\" alt=\"\" class=\"wp-image-2666\" srcset=\"https:\/\/www.eisenzelt.de\/ez\/wordpress\/wp-content\/uploads\/2018\/10\/P4160094-1024x768.jpg 1024w, https:\/\/www.eisenzelt.de\/ez\/wordpress\/wp-content\/uploads\/2018\/10\/P4160094.jpg 1988w\" sizes=\"auto, (max-width: 1024px) 100vw, 1024px\" \/><\/figure>\n\n\n\n<figure class=\"wp-block-image\"><img loading=\"lazy\" decoding=\"async\" width=\"1024\" height=\"768\" data-id=\"2670\" src=\"https:\/\/www.eisenzelt.de\/ez\/wordpress\/wp-content\/uploads\/2018\/10\/P4180105-1024x768.jpg\" alt=\"\" class=\"wp-image-2670\"\/><\/figure>\n\n\n\n<figure class=\"wp-block-image\"><img loading=\"lazy\" decoding=\"async\" width=\"1024\" height=\"768\" data-id=\"2667\" src=\"https:\/\/www.eisenzelt.de\/ez\/wordpress\/wp-content\/uploads\/2018\/10\/P4180100-1024x768.jpg\" alt=\"\" class=\"wp-image-2667\"\/><\/figure>\n\n\n\n<figure class=\"wp-block-image\"><img loading=\"lazy\" decoding=\"async\" width=\"1024\" height=\"768\" data-id=\"2672\" src=\"https:\/\/www.eisenzelt.de\/ez\/wordpress\/wp-content\/uploads\/2018\/10\/P4180103-1024x768.jpg\" alt=\"\" class=\"wp-image-2672\"\/><\/figure>\n\n\n\n<figure class=\"wp-block-image\"><img loading=\"lazy\" decoding=\"async\" width=\"1024\" height=\"768\" data-id=\"2674\" src=\"https:\/\/www.eisenzelt.de\/ez\/wordpress\/wp-content\/uploads\/2018\/10\/P4180102-1024x768.jpg\" alt=\"\" class=\"wp-image-2674\" srcset=\"https:\/\/www.eisenzelt.de\/ez\/wordpress\/wp-content\/uploads\/2018\/10\/P4180102-1024x768.jpg 1024w, https:\/\/www.eisenzelt.de\/ez\/wordpress\/wp-content\/uploads\/2018\/10\/P4180102.jpg 1779w\" sizes=\"auto, (max-width: 1024px) 100vw, 1024px\" \/><\/figure>\n\n\n\n<figure class=\"wp-block-image\"><img loading=\"lazy\" decoding=\"async\" width=\"768\" height=\"1024\" data-id=\"2669\" src=\"https:\/\/www.eisenzelt.de\/ez\/wordpress\/wp-content\/uploads\/2018\/10\/P4180099-768x1024.jpg\" alt=\"\" class=\"wp-image-2669\" srcset=\"https:\/\/www.eisenzelt.de\/ez\/wordpress\/wp-content\/uploads\/2018\/10\/P4180099-768x1024.jpg 768w, https:\/\/www.eisenzelt.de\/ez\/wordpress\/wp-content\/uploads\/2018\/10\/P4180099.jpg 1462w\" sizes=\"auto, (max-width: 768px) 100vw, 768px\" \/><\/figure>\n\n\n\n<figure class=\"wp-block-image\"><img loading=\"lazy\" decoding=\"async\" width=\"768\" height=\"1024\" data-id=\"2675\" src=\"https:\/\/www.eisenzelt.de\/ez\/wordpress\/wp-content\/uploads\/2018\/10\/P4180106-768x1024.jpg\" alt=\"\" class=\"wp-image-2675\" srcset=\"https:\/\/www.eisenzelt.de\/ez\/wordpress\/wp-content\/uploads\/2018\/10\/P4180106-768x1024.jpg 768w, https:\/\/www.eisenzelt.de\/ez\/wordpress\/wp-content\/uploads\/2018\/10\/P4180106.jpg 1892w\" sizes=\"auto, (max-width: 768px) 100vw, 768px\" \/><figcaption>OLYMPUS DIGITAL CAMERA<\/figcaption><\/figure>\n<\/figure>\n","protected":false},"excerpt":{"rendered":"<p>Was mich schon immer ge\u00e4rgert hatte war die Position des Schalld\u00e4mpfers unter dem Rahmen. Beim D\u00fcnenfahren kam es immer wieder vor, dass der Topf auf dem D\u00fcnenkamm aufsetzte und die Kr\u00fcmmerrohre heraussprangen. Dann musste ich am n\u00e4chsten Morgen, w\u00e4hrend der Rest der Truppe entspannt am Fr\u00fchst\u00fcckstisch sa\u00df, die Rohre wieder montieren. Das sollte anders werden.<\/p>\n","protected":false},"author":1,"featured_media":2671,"comment_status":"open","ping_status":"open","sticky":false,"template":"","format":"standard","meta":{"footnotes":""},"categories":[13],"tags":[],"class_list":["post-541","post","type-post","status-publish","format-standard","has-post-thumbnail","hentry","category-pimp-my-truck"],"_links":{"self":[{"href":"https:\/\/www.eisenzelt.de\/ez\/wordpress\/index.php?rest_route=\/wp\/v2\/posts\/541","targetHints":{"allow":["GET"]}}],"collection":[{"href":"https:\/\/www.eisenzelt.de\/ez\/wordpress\/index.php?rest_route=\/wp\/v2\/posts"}],"about":[{"href":"https:\/\/www.eisenzelt.de\/ez\/wordpress\/index.php?rest_route=\/wp\/v2\/types\/post"}],"author":[{"embeddable":true,"href":"https:\/\/www.eisenzelt.de\/ez\/wordpress\/index.php?rest_route=\/wp\/v2\/users\/1"}],"replies":[{"embeddable":true,"href":"https:\/\/www.eisenzelt.de\/ez\/wordpress\/index.php?rest_route=%2Fwp%2Fv2%2Fcomments&post=541"}],"version-history":[{"count":3,"href":"https:\/\/www.eisenzelt.de\/ez\/wordpress\/index.php?rest_route=\/wp\/v2\/posts\/541\/revisions"}],"predecessor-version":[{"id":3153,"href":"https:\/\/www.eisenzelt.de\/ez\/wordpress\/index.php?rest_route=\/wp\/v2\/posts\/541\/revisions\/3153"}],"wp:featuredmedia":[{"embeddable":true,"href":"https:\/\/www.eisenzelt.de\/ez\/wordpress\/index.php?rest_route=\/wp\/v2\/media\/2671"}],"wp:attachment":[{"href":"https:\/\/www.eisenzelt.de\/ez\/wordpress\/index.php?rest_route=%2Fwp%2Fv2%2Fmedia&parent=541"}],"wp:term":[{"taxonomy":"category","embeddable":true,"href":"https:\/\/www.eisenzelt.de\/ez\/wordpress\/index.php?rest_route=%2Fwp%2Fv2%2Fcategories&post=541"},{"taxonomy":"post_tag","embeddable":true,"href":"https:\/\/www.eisenzelt.de\/ez\/wordpress\/index.php?rest_route=%2Fwp%2Fv2%2Ftags&post=541"}],"curies":[{"name":"wp","href":"https:\/\/api.w.org\/{rel}","templated":true}]}}